{"id":26,"date":"2023-09-22T09:59:15","date_gmt":"2023-09-22T07:59:15","guid":{"rendered":"http:\/\/makur-metal.fr\/?p=26"},"modified":"2023-12-05T14:18:51","modified_gmt":"2023-12-05T13:18:51","slug":"verriere-metal-pays-basque","status":"publish","type":"post","link":"https:\/\/makur-metal.fr\/baq\/verriere-metal-pays-basque\/","title":{"rendered":"Beirateak"},"content":{"rendered":"<p><\/p>\n<div class=\"invisible\">\n<h2>Makur Metal : L&#8217;art de sublimer votre espace avec une verri\u00e8re en m\u00e9tal dans le Pays basque et le d\u00e9partement du 64<\/h2>\n<p>Bienvenue chez Makur Metal, votre partenaire de confiance pour la cr\u00e9ation de verri\u00e8re en m\u00e9tal sur mesure dans le magnifique Pays Basque et le d\u00e9partement 64. Nous sommes fiers de notre r\u00e9putation en tant qu&#8217;artisans m\u00e9talliers passionn\u00e9s, d\u00e9vou\u00e9s \u00e0 la conception et \u00e0 la fabrication de verri\u00e8res m\u00e9talliques qui transcendent l&#8217;ordinaire pour apporter \u00e9l\u00e9gance et luminosit\u00e9 \u00e0 votre espace.<\/p>\n<p>Dans notre r\u00e9gion, o\u00f9 la culture et le patrimoine ont une importance capitale, chaque \u00e9l\u00e9ment architectural doit refl\u00e9ter cette richesse. Chez Makur Metal, nous comprenons cette exigence et nous nous engageons \u00e0 cr\u00e9er des verri\u00e8res m\u00e9talliques qui capturent l&#8217;essence de la beaut\u00e9 basque.<\/p>\n<p>Nos artisans, dot\u00e9s d&#8217;une expertise exceptionnelle, travaillent avec vous pour concevoir des verri\u00e8res m\u00e9talliques sur mesure qui s&#8217;int\u00e8grent harmonieusement dans votre espace. Que vous cherchiez \u00e0 ajouter une touche d&#8217;authenticit\u00e9 \u00e0 votre demeure ou \u00e0 cr\u00e9er un espace int\u00e9rieur baign\u00e9 de lumi\u00e8re, nos solutions de verri\u00e8res m\u00e9talliques sont con\u00e7ues pour r\u00e9pondre \u00e0 vos besoins sp\u00e9cifiques.<\/p>\n<p><a href=\"http:\/\/makur-metal.fr\/\">Chez Makur Metal<\/a>, la qualit\u00e9 est notre priorit\u00e9. Nous utilisons uniquement les meilleurs mat\u00e9riaux m\u00e9talliques disponibles sur le march\u00e9 pour garantir la solidit\u00e9 et la durabilit\u00e9 de nos verri\u00e8res. Chaque d\u00e9tail est m\u00e9ticuleusement pris en compte, de la structure m\u00e9tallique \u00e0 la vitrerie, pour cr\u00e9er des verri\u00e8res qui allient fonctionnalit\u00e9 et esth\u00e9tique de mani\u00e8re exceptionnelle.<\/p>\n<p>Nous proposons plusieurs types de verri\u00e8res m\u00e9talliques pour r\u00e9pondre \u00e0 vos besoins pr\u00e9cis. Que ce soit une verri\u00e8re d&#8217;ext\u00e9rieur qui \u00e9voque l&#8217;\u00e9l\u00e9gance du fer forg\u00e9, une verri\u00e8re d&#8217;int\u00e9rieur pour s\u00e9parer subtilement les espaces tout en laissant passer la lumi\u00e8re, ou une verri\u00e8re de toit qui cr\u00e9e un puits de lumi\u00e8re naturelle, notre \u00e9quipe saura vous guider \u00e0 chaque \u00e9tape du processus.<\/p>\n<p>Makur Metal est fier de servir la r\u00e9gion du Pays Basque et le d\u00e9partement 64. Si vous recherchez des verri\u00e8res m\u00e9talliques con\u00e7ues avec passion, qualit\u00e9 et savoir-faire artisanal, contactez-nous d\u00e8s aujourd&#8217;hui. Faites de Makur Metal votre choix pour transformer votre espace en une \u0153uvre d&#8217;art m\u00e9tallique.<br \/>\n<img decoding=\"async\" src=\"https:\/\/www.groupegedone.com\/wp-content\/themes\/groupege\/images\/invisible.png\" alt=\"Escalier m\u00e9tal 64, Escalier m\u00e9tal Pays basque, Ferronnerie 64, Ferronnerie Pays basque, M\u00e9tallerie 64, M\u00e9tallerie Pays basque, Verri\u00e8re m\u00e9tal 64, Verri\u00e8re m\u00e9tal Pays basque\" \/><\/p>\n<\/div>\n<p>MAKUR METAL, burdingintza eta metalgintza enpresak, beirate mota guziak eta artisau moldean eraikitzen ditu !<\/p>\n<p>Beirate mota desberdinak badira bereizi behar direnak :<\/p>\n<ul>\n<li><strong>Kanpoko beiratea<\/strong> : Markesa edo terraza gisa kokatzen ahal da. Geihenetan manera zaharrean eraikia, burdin landuaren noblezia erakusten du.<\/li>\n<li><strong>Barneko beiratea<\/strong> : Arotzia gisa erabilia izaiten ahal da lehengo arotz zaharren itxura atxemaiteko; edo beirate bertikala bezala, barneko pareta baten mozteko eta bi aldeetara argia pasatzen uzteko.<\/li>\n<li><strong>Teilatuko beiratea<\/strong> : Telatuaren parte egiten duen beiratea da, naturalki etxe barnera argia sar dadin. Atxemaiten ahal dira baionako teilatueetan, eskalerren argitzeko baita etxe industrial eta diseinuetan.<\/li>\n<\/ul>\n<div class=\"toggle\">\n<div class=\"more\">Gure beirate guziak artisau moldean eta osoki neurritan eginak dira. Eraikitzeko 2 teknika erabiltzen ditugu :<\/p>\n<ul>\n<li><strong>T burdinezko eraikuntza<\/strong> : Burdinezko estruktura fina, tamaina ttipi eta ertainen obrentzat egina. Bukareako itxura finduagoa da.<\/li>\n<li><strong>Hodi aletatuzko eraikuntza<\/strong> : T burdina hodi lodiago batek ordezkatzen du eta orduan tamaina handiagoak eraikitzen ahal dira. Beira bakarra edo bikoitza erabiltzen ahal da isolazio hobeago baten ukaiteko.<\/li>\n<\/ul>\n<p>Gure enpresa zuen proiektuaren lantzeko hor izanen da eta zuen nahi eta trabak kondutan hartuz soluzio egokienaren kontseilatzeko ere bai.<\/p>\n<\/div>\n<div class=\"less\"><a class=\"button-read-more button-read\" title=\"En savoir plus\" href=\"#read\">Gehiago jakin<\/a><br \/>\n<a class=\"button-read-less button-read\" title=\"En savoir moins\" href=\"#read\">Guttitu<\/a><\/div>\n<\/div>\n<p><\/p>","protected":false},"excerpt":{"rendered":"<p>Makur Metal : L&#8217;art de sublimer votre espace avec une verri\u00e8re en m\u00e9tal dans le Pays basque et le d\u00e9partement du 64 Bienvenue chez Makur Metal, votre partenaire de confiance pour la cr\u00e9ation de verri\u00e8re en m\u00e9tal sur mesure dans le magnifique Pays Basque et le d\u00e9partement 64. Nous sommes fiers de notre r\u00e9putation en &hellip; <\/p>\n<p class=\"link-more\"><a href=\"https:\/\/makur-metal.fr\/baq\/verriere-metal-pays-basque\/\" class=\"more-link\">Continue reading<span class=\"screen-reader-text\"> &#8220;Beirateak&#8221;<\/span><\/a><\/p>\n","protected":false},"author":1,"featured_media":0,"comment_status":"closed","ping_status":"closed","sticky":false,"template":"","format":"standard","meta":{"footnotes":""},"categories":[2],"tags":[10,9,6,5,8,7,12,11],"class_list":["post-26","post","type-post","status-publish","format-standard","hentry","category-nos-realisations","tag-escalier-metal-64","tag-escalier-metal-pays-basque","tag-ferronnerie-64","tag-ferronnerie-pays-basque","tag-metallerie-64","tag-metallerie-pays-basque","tag-verriere-metal-64","tag-verriere-metal-pays-basque"],"yoast_head":"<!-- This site is optimized with the Yoast SEO Premium plugin v20.9 (Yoast SEO v27.5) - https:\/\/yoast.com\/product\/yoast-seo-premium-wordpress\/ -->\n<title>Verri\u00e8re m\u00e9tal Pays basque - Verri\u00e8re m\u00e9tal 64 - Makur metal<\/title>\n<meta name=\"description\" content=\"Bienvenue chez Makur Metal, votre partenaire pour la cr\u00e9ation de verri\u00e8re en m\u00e9tal sur mesure dans le Pays Basque et le d\u00e9partement 64.\" \/>\n<meta name=\"robots\" content=\"index, follow, max-snippet:-1, max-image-preview:large, max-video-preview:-1\" \/>\n<link rel=\"canonical\" href=\"https:\/\/makur-metal.fr\/baq\/verriere-metal-pays-basque\/\" \/>\n<meta property=\"og:locale\" content=\"en_US\" \/>\n<meta property=\"og:type\" content=\"article\" \/>\n<meta property=\"og:title\" content=\"Verri\u00e8re m\u00e9tal Pays basque - Verri\u00e8re m\u00e9tal 64 - Makur metal\" \/>\n<meta property=\"og:description\" content=\"Bienvenue chez Makur Metal, votre partenaire pour la cr\u00e9ation de verri\u00e8re en m\u00e9tal sur mesure dans le Pays Basque et le d\u00e9partement 64.\" \/>\n<meta property=\"og:url\" content=\"https:\/\/makur-metal.fr\/verriere-metal-pays-basque\/\" \/>\n<meta property=\"og:site_name\" content=\"Ferronnerie Pays basque - Ferronnerie 64 - Makur metal\" \/>\n<meta property=\"article:published_time\" content=\"2023-09-22T07:59:15+00:00\" \/>\n<meta property=\"article:modified_time\" content=\"2023-12-05T13:18:51+00:00\" \/>\n<meta property=\"og:image\" content=\"https:\/\/www.groupegedone.com\/wp-content\/themes\/groupege\/images\/invisible.png\" \/>\n<meta name=\"author\" content=\"Agence digitale\" \/>\n<meta name=\"twitter:card\" content=\"summary_large_image\" \/>\n<meta name=\"twitter:label1\" content=\"Written by\" \/>\n\t<meta name=\"twitter:data1\" content=\"Agence digitale\" \/>\n\t<meta name=\"twitter:label2\" content=\"Est. reading time\" \/>\n\t<meta name=\"twitter:data2\" content=\"4 minutes\" \/>\n<script type=\"application\/ld+json\" class=\"yoast-schema-graph\">{\"@context\":\"https:\\\/\\\/schema.org\",\"@graph\":[{\"@type\":\"Article\",\"@id\":\"https:\\\/\\\/makur-metal.fr\\\/verriere-metal-pays-basque\\\/#article\",\"isPartOf\":{\"@id\":\"https:\\\/\\\/makur-metal.fr\\\/verriere-metal-pays-basque\\\/\"},\"author\":{\"name\":\"Agence digitale\",\"@id\":\"https:\\\/\\\/makur-metal.fr\\\/#\\\/schema\\\/person\\\/dbbc7385827e267aa2aa393ed54b4c51\"},\"headline\":\"Beirateak\",\"datePublished\":\"2023-09-22T07:59:15+00:00\",\"dateModified\":\"2023-12-05T13:18:51+00:00\",\"mainEntityOfPage\":{\"@id\":\"https:\\\/\\\/makur-metal.fr\\\/verriere-metal-pays-basque\\\/\"},\"wordCount\":1308,\"publisher\":{\"@id\":\"https:\\\/\\\/makur-metal.fr\\\/#organization\"},\"image\":{\"@id\":\"https:\\\/\\\/makur-metal.fr\\\/verriere-metal-pays-basque\\\/#primaryimage\"},\"thumbnailUrl\":\"https:\\\/\\\/www.groupegedone.com\\\/wp-content\\\/themes\\\/groupege\\\/images\\\/invisible.png\",\"keywords\":[\"Escalier m\u00e9tal 64\",\"Escalier m\u00e9tal Pays basque\",\"Ferronnerie 64\",\"Ferronnerie Pays basque\",\"M\u00e9tallerie 64\",\"M\u00e9tallerie Pays basque\",\"Verri\u00e8re m\u00e9tal 64\",\"Verri\u00e8re m\u00e9tal Pays basque\"],\"articleSection\":[\"Nos r\u00e9alisations :\"],\"inLanguage\":\"baq-BAQ\"},{\"@type\":\"WebPage\",\"@id\":\"https:\\\/\\\/makur-metal.fr\\\/verriere-metal-pays-basque\\\/\",\"url\":\"https:\\\/\\\/makur-metal.fr\\\/verriere-metal-pays-basque\\\/\",\"name\":\"Verri\u00e8re m\u00e9tal Pays basque - Verri\u00e8re m\u00e9tal 64 - Makur metal\",\"isPartOf\":{\"@id\":\"https:\\\/\\\/makur-metal.fr\\\/#website\"},\"primaryImageOfPage\":{\"@id\":\"https:\\\/\\\/makur-metal.fr\\\/verriere-metal-pays-basque\\\/#primaryimage\"},\"image\":{\"@id\":\"https:\\\/\\\/makur-metal.fr\\\/verriere-metal-pays-basque\\\/#primaryimage\"},\"thumbnailUrl\":\"https:\\\/\\\/www.groupegedone.com\\\/wp-content\\\/themes\\\/groupege\\\/images\\\/invisible.png\",\"datePublished\":\"2023-09-22T07:59:15+00:00\",\"dateModified\":\"2023-12-05T13:18:51+00:00\",\"description\":\"Bienvenue chez Makur Metal, votre partenaire pour la cr\u00e9ation de verri\u00e8re en m\u00e9tal sur mesure dans le Pays Basque et le d\u00e9partement 64.\",\"inLanguage\":\"baq-BAQ\",\"potentialAction\":[{\"@type\":\"ReadAction\",\"target\":[\"https:\\\/\\\/makur-metal.fr\\\/verriere-metal-pays-basque\\\/\"]}]},{\"@type\":\"ImageObject\",\"inLanguage\":\"baq-BAQ\",\"@id\":\"https:\\\/\\\/makur-metal.fr\\\/verriere-metal-pays-basque\\\/#primaryimage\",\"url\":\"https:\\\/\\\/www.groupegedone.com\\\/wp-content\\\/themes\\\/groupege\\\/images\\\/invisible.png\",\"contentUrl\":\"https:\\\/\\\/www.groupegedone.com\\\/wp-content\\\/themes\\\/groupege\\\/images\\\/invisible.png\"},{\"@type\":\"WebSite\",\"@id\":\"https:\\\/\\\/makur-metal.fr\\\/#website\",\"url\":\"https:\\\/\\\/makur-metal.fr\\\/\",\"name\":\"Ferronnerie Pays basque - Ferronnerie 64 - Makur metal\",\"description\":\"Ferronnerie Pays basque - Ferronnerie 64 - Makur metal\",\"publisher\":{\"@id\":\"https:\\\/\\\/makur-metal.fr\\\/#organization\"},\"potentialAction\":[{\"@type\":\"SearchAction\",\"target\":{\"@type\":\"EntryPoint\",\"urlTemplate\":\"https:\\\/\\\/makur-metal.fr\\\/?s={search_term_string}\"},\"query-input\":{\"@type\":\"PropertyValueSpecification\",\"valueRequired\":true,\"valueName\":\"search_term_string\"}}],\"inLanguage\":\"baq-BAQ\"},{\"@type\":\"Organization\",\"@id\":\"https:\\\/\\\/makur-metal.fr\\\/#organization\",\"name\":\"Ferronnerie Pays basque - Ferronnerie 64 - Makur metal\",\"url\":\"https:\\\/\\\/makur-metal.fr\\\/\",\"logo\":{\"@type\":\"ImageObject\",\"inLanguage\":\"baq-BAQ\",\"@id\":\"https:\\\/\\\/makur-metal.fr\\\/#\\\/schema\\\/logo\\\/image\\\/\",\"url\":\"https:\\\/\\\/makur-metal.fr\\\/wp-content\\\/uploads\\\/makur-metal-logo.png\",\"contentUrl\":\"https:\\\/\\\/makur-metal.fr\\\/wp-content\\\/uploads\\\/makur-metal-logo.png\",\"width\":448,\"height\":280,\"caption\":\"Ferronnerie Pays basque - Ferronnerie 64 - Makur metal\"},\"image\":{\"@id\":\"https:\\\/\\\/makur-metal.fr\\\/#\\\/schema\\\/logo\\\/image\\\/\"}},{\"@type\":\"Person\",\"@id\":\"https:\\\/\\\/makur-metal.fr\\\/#\\\/schema\\\/person\\\/dbbc7385827e267aa2aa393ed54b4c51\",\"name\":\"Agence digitale\",\"sameAs\":[\"http:\\\/\\\/makur-metal.fr\"]}]}<\/script>\n<!-- \/ Yoast SEO Premium plugin. -->","yoast_head_json":{"title":"Verri\u00e8re m\u00e9tal Pays basque - Verri\u00e8re m\u00e9tal 64 - Makur metal","description":"Bienvenue chez Makur Metal, votre partenaire pour la cr\u00e9ation de verri\u00e8re en m\u00e9tal sur mesure dans le Pays Basque et le d\u00e9partement 64.","robots":{"index":"index","follow":"follow","max-snippet":"max-snippet:-1","max-image-preview":"max-image-preview:large","max-video-preview":"max-video-preview:-1"},"canonical":"https:\/\/makur-metal.fr\/baq\/verriere-metal-pays-basque\/","og_locale":"en_US","og_type":"article","og_title":"Verri\u00e8re m\u00e9tal Pays basque - Verri\u00e8re m\u00e9tal 64 - Makur metal","og_description":"Bienvenue chez Makur Metal, votre partenaire pour la cr\u00e9ation de verri\u00e8re en m\u00e9tal sur mesure dans le Pays Basque et le d\u00e9partement 64.","og_url":"https:\/\/makur-metal.fr\/verriere-metal-pays-basque\/","og_site_name":"Ferronnerie Pays basque - Ferronnerie 64 - Makur metal","article_published_time":"2023-09-22T07:59:15+00:00","article_modified_time":"2023-12-05T13:18:51+00:00","og_image":[{"url":"https:\/\/www.groupegedone.com\/wp-content\/themes\/groupege\/images\/invisible.png","type":"","width":"","height":""}],"author":"Agence digitale","twitter_card":"summary_large_image","twitter_misc":{"Written by":"Agence digitale","Est. reading time":"4 minutes"},"schema":{"@context":"https:\/\/schema.org","@graph":[{"@type":"Article","@id":"https:\/\/makur-metal.fr\/verriere-metal-pays-basque\/#article","isPartOf":{"@id":"https:\/\/makur-metal.fr\/verriere-metal-pays-basque\/"},"author":{"name":"Agence digitale","@id":"https:\/\/makur-metal.fr\/#\/schema\/person\/dbbc7385827e267aa2aa393ed54b4c51"},"headline":"Beirateak","datePublished":"2023-09-22T07:59:15+00:00","dateModified":"2023-12-05T13:18:51+00:00","mainEntityOfPage":{"@id":"https:\/\/makur-metal.fr\/verriere-metal-pays-basque\/"},"wordCount":1308,"publisher":{"@id":"https:\/\/makur-metal.fr\/#organization"},"image":{"@id":"https:\/\/makur-metal.fr\/verriere-metal-pays-basque\/#primaryimage"},"thumbnailUrl":"https:\/\/www.groupegedone.com\/wp-content\/themes\/groupege\/images\/invisible.png","keywords":["Escalier m\u00e9tal 64","Escalier m\u00e9tal Pays basque","Ferronnerie 64","Ferronnerie Pays basque","M\u00e9tallerie 64","M\u00e9tallerie Pays basque","Verri\u00e8re m\u00e9tal 64","Verri\u00e8re m\u00e9tal Pays basque"],"articleSection":["Nos r\u00e9alisations :"],"inLanguage":"baq-BAQ"},{"@type":"WebPage","@id":"https:\/\/makur-metal.fr\/verriere-metal-pays-basque\/","url":"https:\/\/makur-metal.fr\/verriere-metal-pays-basque\/","name":"Verri\u00e8re m\u00e9tal Pays basque - Verri\u00e8re m\u00e9tal 64 - Makur metal","isPartOf":{"@id":"https:\/\/makur-metal.fr\/#website"},"primaryImageOfPage":{"@id":"https:\/\/makur-metal.fr\/verriere-metal-pays-basque\/#primaryimage"},"image":{"@id":"https:\/\/makur-metal.fr\/verriere-metal-pays-basque\/#primaryimage"},"thumbnailUrl":"https:\/\/www.groupegedone.com\/wp-content\/themes\/groupege\/images\/invisible.png","datePublished":"2023-09-22T07:59:15+00:00","dateModified":"2023-12-05T13:18:51+00:00","description":"Bienvenue chez Makur Metal, votre partenaire pour la cr\u00e9ation de verri\u00e8re en m\u00e9tal sur mesure dans le Pays Basque et le d\u00e9partement 64.","inLanguage":"baq-BAQ","potentialAction":[{"@type":"ReadAction","target":["https:\/\/makur-metal.fr\/verriere-metal-pays-basque\/"]}]},{"@type":"ImageObject","inLanguage":"baq-BAQ","@id":"https:\/\/makur-metal.fr\/verriere-metal-pays-basque\/#primaryimage","url":"https:\/\/www.groupegedone.com\/wp-content\/themes\/groupege\/images\/invisible.png","contentUrl":"https:\/\/www.groupegedone.com\/wp-content\/themes\/groupege\/images\/invisible.png"},{"@type":"WebSite","@id":"https:\/\/makur-metal.fr\/#website","url":"https:\/\/makur-metal.fr\/","name":"Ferronnerie Pays basque - Ferronnerie 64 - Makur metal","description":"Ferronnerie Pays basque - Ferronnerie 64 - Makur metal","publisher":{"@id":"https:\/\/makur-metal.fr\/#organization"},"potentialAction":[{"@type":"SearchAction","target":{"@type":"EntryPoint","urlTemplate":"https:\/\/makur-metal.fr\/?s={search_term_string}"},"query-input":{"@type":"PropertyValueSpecification","valueRequired":true,"valueName":"search_term_string"}}],"inLanguage":"baq-BAQ"},{"@type":"Organization","@id":"https:\/\/makur-metal.fr\/#organization","name":"Ferronnerie Pays basque - Ferronnerie 64 - Makur metal","url":"https:\/\/makur-metal.fr\/","logo":{"@type":"ImageObject","inLanguage":"baq-BAQ","@id":"https:\/\/makur-metal.fr\/#\/schema\/logo\/image\/","url":"https:\/\/makur-metal.fr\/wp-content\/uploads\/makur-metal-logo.png","contentUrl":"https:\/\/makur-metal.fr\/wp-content\/uploads\/makur-metal-logo.png","width":448,"height":280,"caption":"Ferronnerie Pays basque - Ferronnerie 64 - Makur metal"},"image":{"@id":"https:\/\/makur-metal.fr\/#\/schema\/logo\/image\/"}},{"@type":"Person","@id":"https:\/\/makur-metal.fr\/#\/schema\/person\/dbbc7385827e267aa2aa393ed54b4c51","name":"Agence digitale","sameAs":["http:\/\/makur-metal.fr"]}]}},"_links":{"self":[{"href":"https:\/\/makur-metal.fr\/baq\/wp-json\/wp\/v2\/posts\/26","targetHints":{"allow":["GET"]}}],"collection":[{"href":"https:\/\/makur-metal.fr\/baq\/wp-json\/wp\/v2\/posts"}],"about":[{"href":"https:\/\/makur-metal.fr\/baq\/wp-json\/wp\/v2\/types\/post"}],"author":[{"embeddable":true,"href":"https:\/\/makur-metal.fr\/baq\/wp-json\/wp\/v2\/users\/1"}],"replies":[{"embeddable":true,"href":"https:\/\/makur-metal.fr\/baq\/wp-json\/wp\/v2\/comments?post=26"}],"version-history":[{"count":9,"href":"https:\/\/makur-metal.fr\/baq\/wp-json\/wp\/v2\/posts\/26\/revisions"}],"predecessor-version":[{"id":149,"href":"https:\/\/makur-metal.fr\/baq\/wp-json\/wp\/v2\/posts\/26\/revisions\/149"}],"wp:attachment":[{"href":"https:\/\/makur-metal.fr\/baq\/wp-json\/wp\/v2\/media?parent=26"}],"wp:term":[{"taxonomy":"category","embeddable":true,"href":"https:\/\/makur-metal.fr\/baq\/wp-json\/wp\/v2\/categories?post=26"},{"taxonomy":"post_tag","embeddable":true,"href":"https:\/\/makur-metal.fr\/baq\/wp-json\/wp\/v2\/tags?post=26"}],"curies":[{"name":"wp","href":"https:\/\/api.w.org\/{rel}","templated":true}]}}